{"id":15308,"date":"2025-10-28T09:10:18","date_gmt":"2025-10-28T08:10:18","guid":{"rendered":"https:\/\/elkarmedia.eus\/?p=15308"},"modified":"2025-10-28T09:33:52","modified_gmt":"2025-10-28T08:33:52","slug":"bosque-mixto-atlantico","status":"publish","type":"post","link":"https:\/\/elkarmedia.eus\/es\/bosque-mixto-atlantico\/","title":{"rendered":"Bosque Mixto Atl\u00e1ntico: gesti\u00f3n activa para el pulm\u00f3n verde de Euskadi"},"content":{"rendered":"En Elkarmedia, participamos en un proyecto que mira al coraz\u00f3n verde de Euskadi: <strong>la promoci\u00f3n de la gesti\u00f3n y la puesta en valor del Bosque Mixto Atl\u00e1ntico.<\/strong>\r\n\r\nNuestro papel consiste en aportar soluciones tecnol\u00f3gicas que faciliten una gesti\u00f3n forestal m\u00e1s sostenible, eficiente y conectada con el entorno social y econ\u00f3mico.\r\n<div class=\"bloga sekzioa02\">\r\n<h2 class=\"bloga\">\u00bfQu\u00e9 es el Bosque Mixto Atl\u00e1ntico?<\/h2>\r\n\r\n<p>El Bosque Mixto Atl\u00e1ntico es una formaci\u00f3n forestal caracter\u00edstica de las zonas pr\u00f3ximas al Oc\u00e9ano Atl\u00e1ntico y el Mar Cant\u00e1brico, donde el clima h\u00famedo y las temperaturas suaves permiten una gran riqueza natural.<\/p>\r\n<p><strong>Su rasgo m\u00e1s distintivo es la diversidad:<\/strong> no se trata de un solo tipo de \u00e1rbol, sino de una mezcla de frondosas aut\u00f3ctonas \u2014como el roble, el haya o el fresno\u2014 que conviven en bosques peque\u00f1os o medianos, con distintas edades y especies.<\/p>\r\n\r\n<h2 class=\"bloga\">El reto: revertir el abandono de los montes<\/h2>\r\n<p>Buena parte de estos bosques ha surgido a ra\u00edz del abandono progresivo de antiguas fincas agr\u00edcolas o plantaciones forestales.<\/p>\r\n\r\n<\/div>\r\n<p>Esta falta de gesti\u00f3n puede generar desequilibrios ecol\u00f3gicos y frenar la sostenibilidad econ\u00f3mica y ambiental de los montes vascos, limitando su potencial como recurso natural y productivo.<\/p>\r\n\r\n<h2 class=\"bloga\">De la inactividad a la gesti\u00f3n activa<\/h2>\r\n<p>El proyecto <strong>busca reactivar la gesti\u00f3n forestal del Bosque Mixto Atl\u00e1ntico<\/strong>, impulsando tanto la participaci\u00f3n de los propietarios como la sensibilizaci\u00f3n de la sociedad.<\/p>\r\n<p>Entre las principales l\u00edneas de trabajo destacan:<\/p>\r\n<ul>\r\n<li class=\"text-uppercase listbat\">Movilizar a los propietarios para que gestionen de forma activa sus terrenos.<\/li>\r\n<li class=\"text-uppercase listbat\">Colaborar con carpinteros locales, como la asociaci\u00f3n AROTZGI, para valorizar la madera sostenible.<\/li>\r\n<li class=\"text-uppercase listbat\">Fomentar la conciencia social sobre la importancia ecol\u00f3gica y econ\u00f3mica de estos ecosistemas.<\/li>\r\n<\/ul>\r\n\r\n<h2 class=\"bloga\">Un proyecto colaborativo y multidisciplinar<\/h2>\r\n<p>En Elkarmedia, <strong>contribuimos desde la ingenier\u00eda inform\u00e1tica, desarrollando herramientas digitales que facilitan la gesti\u00f3n de datos y procesos vinculados a la actividad forestal<\/strong>.<\/p>\r\n<p>Este proyecto est\u00e1<strong> coordinado por Basoa Fundazioa <\/strong>y cuenta con un equipo de entidades comprometidas con la sostenibilidad y la innovaci\u00f3n:<\/p>\r\n<ul>\r\n<li class=\"text-uppercase listbat\">Las tres asociaciones de propietarios forestales vascas y la empresa Basoekin.<\/li>\r\n<li class=\"text-uppercase listbat\">Las universidades de Deusto y la UPV\/EHU.<\/li>\r\n<li class=\"text-uppercase listbat\">La empresa de biorrefiner\u00eda Ma+D.<\/li>\r\n<li class=\"text-uppercase listbat\">La asociaci\u00f3n de carpinteros AROTZGI.<\/li>\r\n<li class=\"text-uppercase listbat\">La empresa Norarte Visual Science.<\/li>\r\n<\/ul>\r\n\r\n<p>Adem\u00e1s, la iniciativa cuenta con<strong> cofinanciaci\u00f3n del Fondo Europeo Agr\u00edcola de Desarrollo Rural (FEADER)<\/strong>, en el marco del Plan Estrat\u00e9gico de la Pol\u00edtica Agr\u00edcola Com\u00fan 2023-2027 (PEPAC) en el Pa\u00eds Vasco.<\/p>\r\n\r\n<h2 class=\"bloga\">Un paso m\u00e1s hacia la sostenibilidad digital<\/h2>\r\n<p>La gesti\u00f3n activa de los bosques no solo protege el medio ambiente, sino que tambi\u00e9n conecta naturaleza, econom\u00eda local e innovaci\u00f3n tecnol\u00f3gica.<p>\r\n<p>En <strong>Elkarmedia seguiremos aportando soluciones digitales<\/strong> que ayuden a cuidar, medir y valorizar el patrimonio natural de Euskadi.<p>\r\n<p>Seguiremos compartiendo los avances de este proyecto que une tecnolog\u00eda, sostenibilidad y territorio.<p>\r\n\r\n<p>En Elkarmedia seguimos impulsando proyectos que conectan tecnolog\u00eda y sostenibilidad.<\/p>\r\n<p>Si te interesa conocer otras iniciativas en las que trabajamos para reducir el impacto ambiental, te invitamos a leer nuestro art\u00edculo sobre el <a href=\"https:\/\/elkarmedia.eus\/es\/proyectos\/mercado-del-carbono-en-euskadi\/\" target=\"_blank\">Mercado del Carbono en Euskadi<\/a>.<\/p>\r\n","protected":false},"excerpt":{"rendered":"<p>En Elkarmedia, participamos en un proyecto que mira al coraz\u00f3n verde de Euskadi: la promoci\u00f3n de la gesti\u00f3n y la puesta en valor del Bosque Mixto Atl\u00e1ntico. Nuestro papel consiste en aportar soluciones tecnol\u00f3gicas que faciliten una gesti\u00f3n forestal m\u00e1s sostenible, eficiente y conectada con el entorno social y econ\u00f3mico. \u00bfQu\u00e9 es el Bosque Mixto [&hellip;]<\/p>\n","protected":false},"author":4,"featured_media":15317,"comment_status":"closed","ping_status":"closed","sticky":false,"template":"","format":"standard","meta":{"_acf_changed":false,"footnotes":""},"categories":[2],"tags":[],"class_list":["post-15308","post","type-post","status-publish","format-standard","has-post-thumbnail","hentry","category-blog-posts"],"acf":[],"yoast_head":"<!-- This site is optimized with the Yoast SEO plugin v27.3 - https:\/\/yoast.com\/product\/yoast-seo-wordpress\/ -->\n<title>Gesti\u00f3n activa del Bosque Mixto Atl\u00e1ntico en Euskadi<\/title>\n<meta name=\"description\" content=\"Elkarmedia colabora en un proyecto que impulsa la gesti\u00f3n sostenible y digital del Bosque Mixto Atl\u00e1ntico en Euskadi.\" \/>\n<meta name=\"robots\" content=\"index, follow, max-snippet:-1, max-image-preview:large, max-video-preview:-1\" \/>\n<link rel=\"canonical\" href=\"https:\/\/elkarmedia.eus\/es\/bosque-mixto-atlantico\/\" \/>\n<meta property=\"og:locale\" content=\"es_ES\" \/>\n<meta property=\"og:type\" content=\"article\" \/>\n<meta property=\"og:title\" content=\"Gesti\u00f3n activa del Bosque Mixto Atl\u00e1ntico en Euskadi\" \/>\n<meta property=\"og:description\" content=\"Elkarmedia colabora en un proyecto que impulsa la gesti\u00f3n sostenible y digital del Bosque Mixto Atl\u00e1ntico en Euskadi.\" \/>\n<meta property=\"og:url\" content=\"https:\/\/elkarmedia.eus\/es\/bosque-mixto-atlantico\/\" \/>\n<meta property=\"og:site_name\" content=\"elkarmedia\" \/>\n<meta property=\"article:published_time\" content=\"2025-10-28T08:10:18+00:00\" \/>\n<meta property=\"article:modified_time\" content=\"2025-10-28T08:33:52+00:00\" \/>\n<meta property=\"og:image\" content=\"https:\/\/elkarmedia.eus\/wp-content\/uploads\/2025\/10\/BosqueMixtoAtlantico.png\" \/>\n\t<meta property=\"og:image:width\" content=\"1200\" \/>\n\t<meta property=\"og:image:height\" content=\"1200\" \/>\n\t<meta property=\"og:image:type\" content=\"image\/png\" \/>\n<meta name=\"author\" content=\"Mari Piris\" \/>\n<meta name=\"twitter:card\" content=\"summary_large_image\" \/>\n<meta name=\"twitter:label1\" content=\"Escrito por\" \/>\n\t<meta name=\"twitter:data1\" content=\"Mari Piris\" \/>\n\t<meta name=\"twitter:label2\" content=\"Tiempo de lectura\" \/>\n\t<meta name=\"twitter:data2\" content=\"3 minutos\" \/>\n<script type=\"application\/ld+json\" class=\"yoast-schema-graph\">{\"@context\":\"https:\\\/\\\/schema.org\",\"@graph\":[{\"@type\":\"Article\",\"@id\":\"https:\\\/\\\/elkarmedia.eus\\\/es\\\/bosque-mixto-atlantico\\\/#article\",\"isPartOf\":{\"@id\":\"https:\\\/\\\/elkarmedia.eus\\\/es\\\/bosque-mixto-atlantico\\\/\"},\"author\":{\"name\":\"Mari Piris\",\"@id\":\"https:\\\/\\\/elkarmedia.eus\\\/es\\\/#\\\/schema\\\/person\\\/c21a85f33a1d83b989871e11af33934e\"},\"headline\":\"Bosque Mixto Atl\u00e1ntico: gesti\u00f3n activa para el pulm\u00f3n verde de Euskadi\",\"datePublished\":\"2025-10-28T08:10:18+00:00\",\"dateModified\":\"2025-10-28T08:33:52+00:00\",\"mainEntityOfPage\":{\"@id\":\"https:\\\/\\\/elkarmedia.eus\\\/es\\\/bosque-mixto-atlantico\\\/\"},\"wordCount\":546,\"publisher\":{\"@id\":\"https:\\\/\\\/elkarmedia.eus\\\/es\\\/#organization\"},\"image\":{\"@id\":\"https:\\\/\\\/elkarmedia.eus\\\/es\\\/bosque-mixto-atlantico\\\/#primaryimage\"},\"thumbnailUrl\":\"https:\\\/\\\/elkarmedia.eus\\\/wp-content\\\/uploads\\\/2025\\\/10\\\/BosqueMixtoAtlantico.png\",\"articleSection\":[\"Blog\"],\"inLanguage\":\"es\"},{\"@type\":\"WebPage\",\"@id\":\"https:\\\/\\\/elkarmedia.eus\\\/es\\\/bosque-mixto-atlantico\\\/\",\"url\":\"https:\\\/\\\/elkarmedia.eus\\\/es\\\/bosque-mixto-atlantico\\\/\",\"name\":\"Gesti\u00f3n activa del Bosque Mixto Atl\u00e1ntico en Euskadi\",\"isPartOf\":{\"@id\":\"https:\\\/\\\/elkarmedia.eus\\\/es\\\/#website\"},\"primaryImageOfPage\":{\"@id\":\"https:\\\/\\\/elkarmedia.eus\\\/es\\\/bosque-mixto-atlantico\\\/#primaryimage\"},\"image\":{\"@id\":\"https:\\\/\\\/elkarmedia.eus\\\/es\\\/bosque-mixto-atlantico\\\/#primaryimage\"},\"thumbnailUrl\":\"https:\\\/\\\/elkarmedia.eus\\\/wp-content\\\/uploads\\\/2025\\\/10\\\/BosqueMixtoAtlantico.png\",\"datePublished\":\"2025-10-28T08:10:18+00:00\",\"dateModified\":\"2025-10-28T08:33:52+00:00\",\"description\":\"Elkarmedia colabora en un proyecto que impulsa la gesti\u00f3n sostenible y digital del Bosque Mixto Atl\u00e1ntico en Euskadi.\",\"breadcrumb\":{\"@id\":\"https:\\\/\\\/elkarmedia.eus\\\/es\\\/bosque-mixto-atlantico\\\/#breadcrumb\"},\"inLanguage\":\"es\",\"potentialAction\":[{\"@type\":\"ReadAction\",\"target\":[\"https:\\\/\\\/elkarmedia.eus\\\/es\\\/bosque-mixto-atlantico\\\/\"]}]},{\"@type\":\"ImageObject\",\"inLanguage\":\"es\",\"@id\":\"https:\\\/\\\/elkarmedia.eus\\\/es\\\/bosque-mixto-atlantico\\\/#primaryimage\",\"url\":\"https:\\\/\\\/elkarmedia.eus\\\/wp-content\\\/uploads\\\/2025\\\/10\\\/BosqueMixtoAtlantico.png\",\"contentUrl\":\"https:\\\/\\\/elkarmedia.eus\\\/wp-content\\\/uploads\\\/2025\\\/10\\\/BosqueMixtoAtlantico.png\",\"width\":1200,\"height\":1200},{\"@type\":\"BreadcrumbList\",\"@id\":\"https:\\\/\\\/elkarmedia.eus\\\/es\\\/bosque-mixto-atlantico\\\/#breadcrumb\",\"itemListElement\":[{\"@type\":\"ListItem\",\"position\":1,\"name\":\"Home\",\"item\":\"https:\\\/\\\/elkarmedia.eus\\\/es\\\/\"},{\"@type\":\"ListItem\",\"position\":2,\"name\":\"Bosque Mixto Atl\u00e1ntico: gesti\u00f3n activa para el pulm\u00f3n verde de Euskadi\"}]},{\"@type\":\"WebSite\",\"@id\":\"https:\\\/\\\/elkarmedia.eus\\\/es\\\/#website\",\"url\":\"https:\\\/\\\/elkarmedia.eus\\\/es\\\/\",\"name\":\"elkarmedia\",\"description\":\"desarrollo de software y aplicaciones web\",\"publisher\":{\"@id\":\"https:\\\/\\\/elkarmedia.eus\\\/es\\\/#organization\"},\"potentialAction\":[{\"@type\":\"SearchAction\",\"target\":{\"@type\":\"EntryPoint\",\"urlTemplate\":\"https:\\\/\\\/elkarmedia.eus\\\/es\\\/?s={search_term_string}\"},\"query-input\":{\"@type\":\"PropertyValueSpecification\",\"valueRequired\":true,\"valueName\":\"search_term_string\"}}],\"inLanguage\":\"es\"},{\"@type\":\"Organization\",\"@id\":\"https:\\\/\\\/elkarmedia.eus\\\/es\\\/#organization\",\"name\":\"elkarmedia\",\"url\":\"https:\\\/\\\/elkarmedia.eus\\\/es\\\/\",\"logo\":{\"@type\":\"ImageObject\",\"inLanguage\":\"es\",\"@id\":\"https:\\\/\\\/elkarmedia.eus\\\/es\\\/#\\\/schema\\\/logo\\\/image\\\/\",\"url\":\"https:\\\/\\\/elkarmedia.eus\\\/wp-content\\\/uploads\\\/2023\\\/07\\\/Elkarmedia_logoa.png\",\"contentUrl\":\"https:\\\/\\\/elkarmedia.eus\\\/wp-content\\\/uploads\\\/2023\\\/07\\\/Elkarmedia_logoa.png\",\"width\":2683,\"height\":504,\"caption\":\"elkarmedia\"},\"image\":{\"@id\":\"https:\\\/\\\/elkarmedia.eus\\\/es\\\/#\\\/schema\\\/logo\\\/image\\\/\"},\"sameAs\":[\"https:\\\/\\\/www.linkedin.com\\\/company\\\/elkarmedia\\\/\"]},{\"@type\":\"Person\",\"@id\":\"https:\\\/\\\/elkarmedia.eus\\\/es\\\/#\\\/schema\\\/person\\\/c21a85f33a1d83b989871e11af33934e\",\"name\":\"Mari Piris\"}]}<\/script>\n<!-- \/ Yoast SEO plugin. -->","yoast_head_json":{"title":"Gesti\u00f3n activa del Bosque Mixto Atl\u00e1ntico en Euskadi","description":"Elkarmedia colabora en un proyecto que impulsa la gesti\u00f3n sostenible y digital del Bosque Mixto Atl\u00e1ntico en Euskadi.","robots":{"index":"index","follow":"follow","max-snippet":"max-snippet:-1","max-image-preview":"max-image-preview:large","max-video-preview":"max-video-preview:-1"},"canonical":"https:\/\/elkarmedia.eus\/es\/bosque-mixto-atlantico\/","og_locale":"es_ES","og_type":"article","og_title":"Gesti\u00f3n activa del Bosque Mixto Atl\u00e1ntico en Euskadi","og_description":"Elkarmedia colabora en un proyecto que impulsa la gesti\u00f3n sostenible y digital del Bosque Mixto Atl\u00e1ntico en Euskadi.","og_url":"https:\/\/elkarmedia.eus\/es\/bosque-mixto-atlantico\/","og_site_name":"elkarmedia","article_published_time":"2025-10-28T08:10:18+00:00","article_modified_time":"2025-10-28T08:33:52+00:00","og_image":[{"width":1200,"height":1200,"url":"https:\/\/elkarmedia.eus\/wp-content\/uploads\/2025\/10\/BosqueMixtoAtlantico.png","type":"image\/png"}],"author":"Mari Piris","twitter_card":"summary_large_image","twitter_misc":{"Escrito por":"Mari Piris","Tiempo de lectura":"3 minutos"},"schema":{"@context":"https:\/\/schema.org","@graph":[{"@type":"Article","@id":"https:\/\/elkarmedia.eus\/es\/bosque-mixto-atlantico\/#article","isPartOf":{"@id":"https:\/\/elkarmedia.eus\/es\/bosque-mixto-atlantico\/"},"author":{"name":"Mari Piris","@id":"https:\/\/elkarmedia.eus\/es\/#\/schema\/person\/c21a85f33a1d83b989871e11af33934e"},"headline":"Bosque Mixto Atl\u00e1ntico: gesti\u00f3n activa para el pulm\u00f3n verde de Euskadi","datePublished":"2025-10-28T08:10:18+00:00","dateModified":"2025-10-28T08:33:52+00:00","mainEntityOfPage":{"@id":"https:\/\/elkarmedia.eus\/es\/bosque-mixto-atlantico\/"},"wordCount":546,"publisher":{"@id":"https:\/\/elkarmedia.eus\/es\/#organization"},"image":{"@id":"https:\/\/elkarmedia.eus\/es\/bosque-mixto-atlantico\/#primaryimage"},"thumbnailUrl":"https:\/\/elkarmedia.eus\/wp-content\/uploads\/2025\/10\/BosqueMixtoAtlantico.png","articleSection":["Blog"],"inLanguage":"es"},{"@type":"WebPage","@id":"https:\/\/elkarmedia.eus\/es\/bosque-mixto-atlantico\/","url":"https:\/\/elkarmedia.eus\/es\/bosque-mixto-atlantico\/","name":"Gesti\u00f3n activa del Bosque Mixto Atl\u00e1ntico en Euskadi","isPartOf":{"@id":"https:\/\/elkarmedia.eus\/es\/#website"},"primaryImageOfPage":{"@id":"https:\/\/elkarmedia.eus\/es\/bosque-mixto-atlantico\/#primaryimage"},"image":{"@id":"https:\/\/elkarmedia.eus\/es\/bosque-mixto-atlantico\/#primaryimage"},"thumbnailUrl":"https:\/\/elkarmedia.eus\/wp-content\/uploads\/2025\/10\/BosqueMixtoAtlantico.png","datePublished":"2025-10-28T08:10:18+00:00","dateModified":"2025-10-28T08:33:52+00:00","description":"Elkarmedia colabora en un proyecto que impulsa la gesti\u00f3n sostenible y digital del Bosque Mixto Atl\u00e1ntico en Euskadi.","breadcrumb":{"@id":"https:\/\/elkarmedia.eus\/es\/bosque-mixto-atlantico\/#breadcrumb"},"inLanguage":"es","potentialAction":[{"@type":"ReadAction","target":["https:\/\/elkarmedia.eus\/es\/bosque-mixto-atlantico\/"]}]},{"@type":"ImageObject","inLanguage":"es","@id":"https:\/\/elkarmedia.eus\/es\/bosque-mixto-atlantico\/#primaryimage","url":"https:\/\/elkarmedia.eus\/wp-content\/uploads\/2025\/10\/BosqueMixtoAtlantico.png","contentUrl":"https:\/\/elkarmedia.eus\/wp-content\/uploads\/2025\/10\/BosqueMixtoAtlantico.png","width":1200,"height":1200},{"@type":"BreadcrumbList","@id":"https:\/\/elkarmedia.eus\/es\/bosque-mixto-atlantico\/#breadcrumb","itemListElement":[{"@type":"ListItem","position":1,"name":"Home","item":"https:\/\/elkarmedia.eus\/es\/"},{"@type":"ListItem","position":2,"name":"Bosque Mixto Atl\u00e1ntico: gesti\u00f3n activa para el pulm\u00f3n verde de Euskadi"}]},{"@type":"WebSite","@id":"https:\/\/elkarmedia.eus\/es\/#website","url":"https:\/\/elkarmedia.eus\/es\/","name":"elkarmedia","description":"desarrollo de software y aplicaciones web","publisher":{"@id":"https:\/\/elkarmedia.eus\/es\/#organization"},"potentialAction":[{"@type":"SearchAction","target":{"@type":"EntryPoint","urlTemplate":"https:\/\/elkarmedia.eus\/es\/?s={search_term_string}"},"query-input":{"@type":"PropertyValueSpecification","valueRequired":true,"valueName":"search_term_string"}}],"inLanguage":"es"},{"@type":"Organization","@id":"https:\/\/elkarmedia.eus\/es\/#organization","name":"elkarmedia","url":"https:\/\/elkarmedia.eus\/es\/","logo":{"@type":"ImageObject","inLanguage":"es","@id":"https:\/\/elkarmedia.eus\/es\/#\/schema\/logo\/image\/","url":"https:\/\/elkarmedia.eus\/wp-content\/uploads\/2023\/07\/Elkarmedia_logoa.png","contentUrl":"https:\/\/elkarmedia.eus\/wp-content\/uploads\/2023\/07\/Elkarmedia_logoa.png","width":2683,"height":504,"caption":"elkarmedia"},"image":{"@id":"https:\/\/elkarmedia.eus\/es\/#\/schema\/logo\/image\/"},"sameAs":["https:\/\/www.linkedin.com\/company\/elkarmedia\/"]},{"@type":"Person","@id":"https:\/\/elkarmedia.eus\/es\/#\/schema\/person\/c21a85f33a1d83b989871e11af33934e","name":"Mari Piris"}]}},"_links":{"self":[{"href":"https:\/\/elkarmedia.eus\/es\/wp-json\/wp\/v2\/posts\/15308","targetHints":{"allow":["GET"]}}],"collection":[{"href":"https:\/\/elkarmedia.eus\/es\/wp-json\/wp\/v2\/posts"}],"about":[{"href":"https:\/\/elkarmedia.eus\/es\/wp-json\/wp\/v2\/types\/post"}],"author":[{"embeddable":true,"href":"https:\/\/elkarmedia.eus\/es\/wp-json\/wp\/v2\/users\/4"}],"replies":[{"embeddable":true,"href":"https:\/\/elkarmedia.eus\/es\/wp-json\/wp\/v2\/comments?post=15308"}],"version-history":[{"count":9,"href":"https:\/\/elkarmedia.eus\/es\/wp-json\/wp\/v2\/posts\/15308\/revisions"}],"predecessor-version":[{"id":15319,"href":"https:\/\/elkarmedia.eus\/es\/wp-json\/wp\/v2\/posts\/15308\/revisions\/15319"}],"wp:featuredmedia":[{"embeddable":true,"href":"https:\/\/elkarmedia.eus\/es\/wp-json\/wp\/v2\/media\/15317"}],"wp:attachment":[{"href":"https:\/\/elkarmedia.eus\/es\/wp-json\/wp\/v2\/media?parent=15308"}],"wp:term":[{"taxonomy":"category","embeddable":true,"href":"https:\/\/elkarmedia.eus\/es\/wp-json\/wp\/v2\/categories?post=15308"},{"taxonomy":"post_tag","embeddable":true,"href":"https:\/\/elkarmedia.eus\/es\/wp-json\/wp\/v2\/tags?post=15308"}],"curies":[{"name":"wp","href":"https:\/\/api.w.org\/{rel}","templated":true}]}}